{"id":1393,"date":"2012-09-03T10:26:45","date_gmt":"2012-09-03T08:26:45","guid":{"rendered":"https:\/\/www.epos-cat.de\/web\/?p=1393"},"modified":"2015-10-16T15:49:33","modified_gmt":"2015-10-16T13:49:33","slug":"ausbildungsstart-bei-epos","status":"publish","type":"post","link":"https:\/\/www.epos-cat.de\/web\/2012\/09\/03\/ausbildungsstart-bei-epos\/","title":{"rendered":"Ausbildungsstart bei EPOS"},"content":{"rendered":"<p>Wir begr\u00fc\u00dfen unsere neuen Auszubildenden! Bei EPOS starten heute zwei k\u00fcnftige Fachinformatiker f\u00fcr Systemintegration in ihre Zukunft.<\/p>\n<p>Innerhalb von drei Jahren lernen sie in der dualen Ausbildung alles \u00fcber Informations- und Kommunikationssysteme, installieren und warten Systeme sowie Rechnernetze und nehmen Firewalls und Verschl\u00fcsselungen unter die Lupe.<\/p>\n<p>Wir w\u00fcnschen Euch viel Erfolg!<\/p>\n<p>Seit seiner Gr\u00fcndung hat die EPOS CAT GmbH auf Nachwuchsf\u00f6rderung im eigenen Haus gesetzt. Neben der dualen Ausbildung zum Fachinformatiker bietet das Unternehmen auch das duale Studium in Informatik-Studieng\u00e4ngen an. Das duale Studium erweitert die akademische Lehre an der Hochschule Ingolstadt um intensive Praxisphasen bei EPOS.<\/p>\n<p>Im Zentrum unserer Nachwuchsf\u00f6rderung steht eine fundierte Ausbildung mit hohem Praxisbezug.<br \/>\nDaher k\u00f6nnen Sch\u00fclerinnen und Sch\u00fcler das Arbeitsleben in der IT bei uns auch in Praktika oder beim Girls\u2018 Day kennenlernen. Ambitionierte Studierende sammeln Praxiserfahrung als Werkstudent und werden bei der Anfertigung ihrer Abschlussarbeit individuell von uns betreut.<\/p>\n<p>Mehr zu den M\u00f6glichkeiten, mit EPOS in die Zukunft zu starten, gibt es <a href=\"https:\/\/www.epos-cat.de\/web\/karriere\/#Absolventen\" target=\"_blank\">hier<\/a>.<\/p>\n","protected":false},"excerpt":{"rendered":"<p>Wir begr\u00fc\u00dfen unsere neuen Auszubildenden! Bei EPOS starten heute zwei k\u00fcnftige Fachinformatiker f\u00fcr Systemintegration in ihre Zukunft. Innerhalb von drei Jahren lernen sie in der dualen Ausbildung alles \u00fcber Informations- &#8230; <\/p>\n<div><a href=\"https:\/\/www.epos-cat.de\/web\/2012\/09\/03\/ausbildungsstart-bei-epos\/\" class=\"more-link\">Read More<\/a><\/div>\n","protected":false},"author":1,"featured_media":0,"comment_status":"closed","ping_status":"closed","sticky":false,"template":"","format":"standard","meta":{"rs_blank_template":"","rs_page_bg_color":"","slide_template_v7":"","footnotes":""},"categories":[61],"tags":[111],"class_list":["post-1393","post","type-post","status-publish","format-standard","hentry","category-aktuelles","tag-nachwuchs","no-post-thumbnail"],"_links":{"self":[{"href":"https:\/\/www.epos-cat.de\/web\/wp-json\/wp\/v2\/posts\/1393","targetHints":{"allow":["GET"]}}],"collection":[{"href":"https:\/\/www.epos-cat.de\/web\/wp-json\/wp\/v2\/posts"}],"about":[{"href":"https:\/\/www.epos-cat.de\/web\/wp-json\/wp\/v2\/types\/post"}],"author":[{"embeddable":true,"href":"https:\/\/www.epos-cat.de\/web\/wp-json\/wp\/v2\/users\/1"}],"replies":[{"embeddable":true,"href":"https:\/\/www.epos-cat.de\/web\/wp-json\/wp\/v2\/comments?post=1393"}],"version-history":[{"count":1,"href":"https:\/\/www.epos-cat.de\/web\/wp-json\/wp\/v2\/posts\/1393\/revisions"}],"predecessor-version":[{"id":1394,"href":"https:\/\/www.epos-cat.de\/web\/wp-json\/wp\/v2\/posts\/1393\/revisions\/1394"}],"wp:attachment":[{"href":"https:\/\/www.epos-cat.de\/web\/wp-json\/wp\/v2\/media?parent=1393"}],"wp:term":[{"taxonomy":"category","embeddable":true,"href":"https:\/\/www.epos-cat.de\/web\/wp-json\/wp\/v2\/categories?post=1393"},{"taxonomy":"post_tag","embeddable":true,"href":"https:\/\/www.epos-cat.de\/web\/wp-json\/wp\/v2\/tags?post=1393"}],"curies":[{"name":"wp","href":"https:\/\/api.w.org\/{rel}","templated":true}]}}