{"id":1443,"date":"2012-11-30T11:11:55","date_gmt":"2012-11-30T10:11:55","guid":{"rendered":"https:\/\/www.epos-cat.de\/web\/?p=1443"},"modified":"2015-10-26T15:49:34","modified_gmt":"2015-10-26T14:49:34","slug":"titelregen-fuer-ingolstaedter-g-judoka","status":"publish","type":"post","link":"https:\/\/www.epos-cat.de\/web\/2012\/11\/30\/titelregen-fuer-ingolstaedter-g-judoka\/","title":{"rendered":"Titelregen f\u00fcr Ingolst\u00e4dter G-Judoka"},"content":{"rendered":"<p>Nach dem gelungenen Saisonstart in Irland sicherten sich die Sportler vom <strong>MTV Ingolstadt 1881 e.V. <\/strong>jetzt bei den <strong>Deutschen Verbandsmannschafts-Meisterschaften<\/strong> erneut den Deutschen Meistertitel und einen Vize-Titel im G-Judo.<br \/>\nDie Ingolst\u00e4dter Mannschaft, die von der EPOS CAT GmbH bereits im dritten Jahr finanziell unterst\u00fctzt wird, trat <strong>mit dem Bayernkader in M\u00fchlheim am Main<\/strong> gegen andere geistig behinderte Judoka aus ganz Deutschland an.<\/p>\n<p>In der Damenmannschaft setzte sich Sabrina Klinger in der Wettkampfklasse zwei in der Gewichts-klasse bis 52 kg gegen die Konkurrenz aus Niedersachsen, Berlin und Hessen durch. Damit holte sie sich <strong>zum dritten Mal in Folge den Deutschen Meistertitel<\/strong>. Wir gratulieren zu dieser beachtlichen Leistung!<\/p>\n<p>Und auch die bayerischen Herren konnten trotz verletzungs- und krankheitsbedingter Ausf\u00e4lle wieder beweisen, dass sie im G-Judo zur Spitze im nationalen Vergleich z\u00e4hlen. Jochen Brezina und Christian Frieder aus Ingolstadt besiegten Niedersachsen und Berlin jeweils mit 3 zu 2 und mussten sich nur Nordrhein-Westfalen geschlagen geben. Herzlichen Gl\u00fcckwunsch zum <strong>Vize-Titel in der Wettkampfklasse eins<\/strong>!<\/p>\n<p>In der Klasse zwei gab der erst 14-j\u00e4hrige Kevin Brezina sein Deb\u00fct. Im Wettkampf gegen Erwachsene aus sechs anderen Bundesl\u00e4ndern beeindruckter er mit seiner Leistung auf der Matte. Er erreichte mit seinen Mannschaftskollegen Jesko W\u00e4chter, Daniel Pretsch und Gerd Jodl den f\u00fcnften Platz.<\/p>\n<p>Das bayerische Team bei den Deutschen Verbandsmannschafts-Meisterschaften in M\u00fchlheim am Main (Ingolst\u00e4dter im blauen Judoanzug):<\/p>\n<p><a href=\"https:\/\/www.epos-cat.de\/web\/wp-content\/uploads\/2015\/09\/Bayernkader_G-Judo_2012.jpg\" data-rel=\"lightbox-image-0\" data-rl_title=\"\" data-rl_caption=\"\" title=\"\"><img loading=\"lazy\" decoding=\"async\" class=\"alignnone size-full wp-image-1444\" src=\"https:\/\/www.epos-cat.de\/web\/wp-content\/uploads\/2015\/09\/Bayernkader_G-Judo_2012.jpg\" alt=\"Bayernkader_G-Judo_2012\" width=\"575\" height=\"429\" srcset=\"https:\/\/www.epos-cat.de\/web\/wp-content\/uploads\/2015\/09\/Bayernkader_G-Judo_2012.jpg 575w, https:\/\/www.epos-cat.de\/web\/wp-content\/uploads\/2015\/09\/Bayernkader_G-Judo_2012-300x224.jpg 300w, https:\/\/www.epos-cat.de\/web\/wp-content\/uploads\/2015\/09\/Bayernkader_G-Judo_2012-100x75.jpg 100w\" sizes=\"auto, (max-width: 575px) 100vw, 575px\" \/><\/a><\/p>\n<pre>\r\n<\/pre>\n","protected":false},"excerpt":{"rendered":"<p>Nach dem gelungenen Saisonstart in Irland sicherten sich die Sportler vom MTV Ingolstadt 1881 e.V. jetzt bei den Deutschen Verbandsmannschafts-Meisterschaften erneut den Deutschen Meistertitel und einen Vize-Titel im G-Judo. Die &#8230; <\/p>\n<div><a href=\"https:\/\/www.epos-cat.de\/web\/2012\/11\/30\/titelregen-fuer-ingolstaedter-g-judoka\/\" class=\"more-link\">Read More<\/a><\/div>\n","protected":false},"author":1,"featured_media":0,"comment_status":"closed","ping_status":"closed","sticky":false,"template":"","format":"standard","meta":{"rs_blank_template":"","rs_page_bg_color":"","slide_template_v7":"","footnotes":""},"categories":[61],"tags":[109],"class_list":["post-1443","post","type-post","status-publish","format-standard","hentry","category-aktuelles","tag-g-judokas","no-post-thumbnail"],"_links":{"self":[{"href":"https:\/\/www.epos-cat.de\/web\/wp-json\/wp\/v2\/posts\/1443","targetHints":{"allow":["GET"]}}],"collection":[{"href":"https:\/\/www.epos-cat.de\/web\/wp-json\/wp\/v2\/posts"}],"about":[{"href":"https:\/\/www.epos-cat.de\/web\/wp-json\/wp\/v2\/types\/post"}],"author":[{"embeddable":true,"href":"https:\/\/www.epos-cat.de\/web\/wp-json\/wp\/v2\/users\/1"}],"replies":[{"embeddable":true,"href":"https:\/\/www.epos-cat.de\/web\/wp-json\/wp\/v2\/comments?post=1443"}],"version-history":[{"count":1,"href":"https:\/\/www.epos-cat.de\/web\/wp-json\/wp\/v2\/posts\/1443\/revisions"}],"predecessor-version":[{"id":1445,"href":"https:\/\/www.epos-cat.de\/web\/wp-json\/wp\/v2\/posts\/1443\/revisions\/1445"}],"wp:attachment":[{"href":"https:\/\/www.epos-cat.de\/web\/wp-json\/wp\/v2\/media?parent=1443"}],"wp:term":[{"taxonomy":"category","embeddable":true,"href":"https:\/\/www.epos-cat.de\/web\/wp-json\/wp\/v2\/categories?post=1443"},{"taxonomy":"post_tag","embeddable":true,"href":"https:\/\/www.epos-cat.de\/web\/wp-json\/wp\/v2\/tags?post=1443"}],"curies":[{"name":"wp","href":"https:\/\/api.w.org\/{rel}","templated":true}]}}