{"id":1597,"date":"2015-09-01T14:45:29","date_gmt":"2015-09-01T12:45:29","guid":{"rendered":"https:\/\/www.epos-cat.de\/web\/?p=1597"},"modified":"2015-10-16T15:43:57","modified_gmt":"2015-10-16T13:43:57","slug":"ausbildungsbeginn-2015-bei-epos","status":"publish","type":"post","link":"https:\/\/www.epos-cat.de\/web\/2015\/09\/01\/ausbildungsbeginn-2015-bei-epos\/","title":{"rendered":"Ausbildungsbeginn 2015 bei EPOS"},"content":{"rendered":"<p>Zum Ausbildungsbeginn am 1. September 2015 begr\u00fc\u00dft EPOS zwei neue duale Studenten der Informatik und einen Fachinformatik-Azubi f\u00fcr Systemintegration als neue Mitarbeiter.<\/p>\n<p>In den kommenden Monaten und Jahren werden sie lernen, wie man kundenspezifische Software-Projekte umsetzt und IT-Systeme professionell analysiert und plant. Unterst\u00fctzt werden sie hierbei von unseren qualifizierten Ausbildern, die mit ihrer ganzen Erfahrung f\u00fcr die richtige Mischung aus Fach- und Praxiswissen sorgen werden.<\/p>\n<p>Um den neuen Kollegen ein m\u00f6glichst umfassendes Verst\u00e4ndnis f\u00fcr verschiedene Technologien und Zusammenh\u00e4nge zu erm\u00f6glichen, werden sie verschiedene Abteilungen in unserem Haus kennenlernen und dabei schrittweise mehr und mehr Verantwortung f\u00fcr eigene Aufgabenbereiche \u00fcbernehmen.<\/p>\n<p>Mit der so erworbenen Fachkompetenz und Probleml\u00f6sef\u00e4higkeit werden unsere Neuzug\u00e4nge beste Voraussetzungen f\u00fcr den Start in ein erfolgreiches Berufsleben haben. Wer sich f\u00fcr eine Ausbildung oder eine Kooperation im Rahmen eines Studiums bei uns interessiert, kann sich \u00fcbrigens jetzt schon auf unseren Karriereseiten f\u00fcr die Ausbildungsrunde 2016 bewerben.<\/p>\n<p>EPOS w\u00fcnscht einen guten Ausbildungsstart!<\/p>\n","protected":false},"excerpt":{"rendered":"<p>Zum Ausbildungsbeginn am 1. September 2015 begr\u00fc\u00dft EPOS zwei neue duale Studenten der Informatik und einen Fachinformatik-Azubi f\u00fcr Systemintegration als neue Mitarbeiter. In den kommenden Monaten und Jahren werden sie &#8230; <\/p>\n<div><a href=\"https:\/\/www.epos-cat.de\/web\/2015\/09\/01\/ausbildungsbeginn-2015-bei-epos\/\" class=\"more-link\">Read More<\/a><\/div>\n","protected":false},"author":1,"featured_media":0,"comment_status":"closed","ping_status":"closed","sticky":false,"template":"","format":"standard","meta":{"rs_blank_template":"","rs_page_bg_color":"","slide_template_v7":"","footnotes":""},"categories":[61],"tags":[111],"class_list":["post-1597","post","type-post","status-publish","format-standard","hentry","category-aktuelles","tag-nachwuchs","no-post-thumbnail"],"_links":{"self":[{"href":"https:\/\/www.epos-cat.de\/web\/wp-json\/wp\/v2\/posts\/1597","targetHints":{"allow":["GET"]}}],"collection":[{"href":"https:\/\/www.epos-cat.de\/web\/wp-json\/wp\/v2\/posts"}],"about":[{"href":"https:\/\/www.epos-cat.de\/web\/wp-json\/wp\/v2\/types\/post"}],"author":[{"embeddable":true,"href":"https:\/\/www.epos-cat.de\/web\/wp-json\/wp\/v2\/users\/1"}],"replies":[{"embeddable":true,"href":"https:\/\/www.epos-cat.de\/web\/wp-json\/wp\/v2\/comments?post=1597"}],"version-history":[{"count":1,"href":"https:\/\/www.epos-cat.de\/web\/wp-json\/wp\/v2\/posts\/1597\/revisions"}],"predecessor-version":[{"id":1598,"href":"https:\/\/www.epos-cat.de\/web\/wp-json\/wp\/v2\/posts\/1597\/revisions\/1598"}],"wp:attachment":[{"href":"https:\/\/www.epos-cat.de\/web\/wp-json\/wp\/v2\/media?parent=1597"}],"wp:term":[{"taxonomy":"category","embeddable":true,"href":"https:\/\/www.epos-cat.de\/web\/wp-json\/wp\/v2\/categories?post=1597"},{"taxonomy":"post_tag","embeddable":true,"href":"https:\/\/www.epos-cat.de\/web\/wp-json\/wp\/v2\/tags?post=1597"}],"curies":[{"name":"wp","href":"https:\/\/api.w.org\/{rel}","templated":true}]}}