{"id":1617,"date":"2015-06-24T14:53:57","date_gmt":"2015-06-24T12:53:57","guid":{"rendered":"https:\/\/www.epos-cat.de\/web\/?p=1617"},"modified":"2015-10-15T14:42:31","modified_gmt":"2015-10-15T12:42:31","slug":"g-judokas-des-mtv-ingolstadt-holen-fuenf-bayerische-meistertitel-2","status":"publish","type":"post","link":"https:\/\/www.epos-cat.de\/web\/2015\/06\/24\/g-judokas-des-mtv-ingolstadt-holen-fuenf-bayerische-meistertitel-2\/","title":{"rendered":"G-Judokas des MTV Ingolstadt holen f\u00fcnf Bayerische Meistertitel"},"content":{"rendered":"<p>Bei den Offenen Bayerischen Meisterschaften im G-Judo f\u00fcr Menschen mit geistiger Behinderung konnten die von Hansj\u00f6rg Bauer trainierten K\u00e4mpfer am Samstag, den 20. Juni, einen weiteren Erfolg verbuchen.<\/p>\n<p>Von den neun ins \u00f6sterreichische Hallein gereisten Sportlern standen am Ende f\u00fcnf auf dem Siegertreppchen: Sabrina Klinger, Stephan F\u00fcrholzer, Rainer J\u00e4ger, Helmut Sander und Neuzugang Marco Augustin setzten sich in ihren Gewichtsklassen jeweils souver\u00e4n gegen die Konkurrenz durch und erk\u00e4mpften sich den Titel.<\/p>\n<p>Ebenfalls starke Leistungen zeigten Jesko W\u00e4chter, Christian Frieder und Gerd Jodl, die jeweils den Vizetitel errangen. Auch die Nachwuchsf\u00f6rderung kommt nicht zu kurz: Nikolas Heinzel, mit erst neun Jahren der J\u00fcngste im Kader, wurde Dritter.<\/p>\n<p>F\u00fcr sein langj\u00e4hriges Engagement wurde G-Judotrainer und Judo-Abteilungsleiter des MTV Ingolstadt 1881 Hansj\u00f6rg Bauer am 12. Juni vom Bayerischen Landes-Sportverband (BLSV) Oberbayern mit dem Preis \u201eEngagiert 2015\u201c ausgezeichnet.<\/p>\n<p>EPOS unterst\u00fctzt die G-Judokas des MTV Ingolstadt seit 2010 finanziell und berichtet regelm\u00e4\u00dfig \u00fcber deren sportliche Aktivit\u00e4ten.<\/p>\n","protected":false},"excerpt":{"rendered":"<p>Bei den Offenen Bayerischen Meisterschaften im G-Judo f\u00fcr Menschen mit geistiger Behinderung konnten die von Hansj\u00f6rg Bauer trainierten K\u00e4mpfer am Samstag, den 20. Juni, einen weiteren Erfolg verbuchen. Von den &#8230; <\/p>\n<div><a href=\"https:\/\/www.epos-cat.de\/web\/2015\/06\/24\/g-judokas-des-mtv-ingolstadt-holen-fuenf-bayerische-meistertitel-2\/\" class=\"more-link\">Read More<\/a><\/div>\n","protected":false},"author":1,"featured_media":0,"comment_status":"closed","ping_status":"closed","sticky":false,"template":"","format":"standard","meta":{"rs_blank_template":"","rs_page_bg_color":"","slide_template_v7":"","footnotes":""},"categories":[61],"tags":[109],"class_list":["post-1617","post","type-post","status-publish","format-standard","hentry","category-aktuelles","tag-g-judokas","no-post-thumbnail"],"_links":{"self":[{"href":"https:\/\/www.epos-cat.de\/web\/wp-json\/wp\/v2\/posts\/1617","targetHints":{"allow":["GET"]}}],"collection":[{"href":"https:\/\/www.epos-cat.de\/web\/wp-json\/wp\/v2\/posts"}],"about":[{"href":"https:\/\/www.epos-cat.de\/web\/wp-json\/wp\/v2\/types\/post"}],"author":[{"embeddable":true,"href":"https:\/\/www.epos-cat.de\/web\/wp-json\/wp\/v2\/users\/1"}],"replies":[{"embeddable":true,"href":"https:\/\/www.epos-cat.de\/web\/wp-json\/wp\/v2\/comments?post=1617"}],"version-history":[{"count":1,"href":"https:\/\/www.epos-cat.de\/web\/wp-json\/wp\/v2\/posts\/1617\/revisions"}],"predecessor-version":[{"id":1618,"href":"https:\/\/www.epos-cat.de\/web\/wp-json\/wp\/v2\/posts\/1617\/revisions\/1618"}],"wp:attachment":[{"href":"https:\/\/www.epos-cat.de\/web\/wp-json\/wp\/v2\/media?parent=1617"}],"wp:term":[{"taxonomy":"category","embeddable":true,"href":"https:\/\/www.epos-cat.de\/web\/wp-json\/wp\/v2\/categories?post=1617"},{"taxonomy":"post_tag","embeddable":true,"href":"https:\/\/www.epos-cat.de\/web\/wp-json\/wp\/v2\/tags?post=1617"}],"curies":[{"name":"wp","href":"https:\/\/api.w.org\/{rel}","templated":true}]}}