{"id":2317,"date":"2016-06-14T09:24:50","date_gmt":"2016-06-14T07:24:50","guid":{"rendered":"https:\/\/www.epos-cat.de\/web\/?p=2317"},"modified":"2016-06-22T09:26:21","modified_gmt":"2016-06-22T07:26:21","slug":"g-judokas-des-mtv-ingolstadt-bei-special-olympics","status":"publish","type":"post","link":"https:\/\/www.epos-cat.de\/web\/2016\/06\/14\/g-judokas-des-mtv-ingolstadt-bei-special-olympics\/","title":{"rendered":"G-Judokas des MTV Ingolstadt bei Special Olympics"},"content":{"rendered":"<div class=\"content clearfix\">\n<div class=\"field field-name-body field-type-text-with-summary field-label-hidden\">\n<div class=\"field-items\">\n<div class=\"field-item even\">\n<p>Letzte Woche fanden in Hannover die Special Olympics, die Nationalen Spiele f\u00fcr Menschen mit geistiger Behinderung statt. F\u00fcr den MTV Ingolstadt 1881 gingen Sportler aus dem von Trainer Hansj\u00f6rg Bauer und J\u00fcrgen Klinger betreuten Team G-Judo an den Start.<\/p>\n<p>Nach einigen Anlaufschwierigkeiten konnten sich die Ingolst\u00e4dter G-Judokas am Ende doch noch \u00fcber ein gutes Gesamtergebnis bei den diesj\u00e4hrigen Sommerspielen freuen. Dass bei sportlichen Wettk\u00e4mpfen nicht nur das Training, sondern auch die Tagesform eine wichtige Rolle spielt, mussten an den ersten beiden Tagen selbst erfahrene Athleten wie Sabrina Klinger, Jesko W\u00e4chter und Jochen Brezina erleben. Sie konnten \u2013 teils geschw\u00e4cht durch einen grippalen Infekt \u2013 diesmal ihre Leistung nicht wie gewohnt abrufen. F\u00fcr die beiden Neulinge Marco Augustin und Marco Stojanac bedeutete die Teilnahme vor allem wertvolle Erfahrung bei einem gro\u00dfen Turnier. Besser lief es dann f\u00fcr Kevin Brezina und Christian Frieder, die sich beide nur einmal ihren Gegnern geschlagen geben mussten und jeweils einen hervorragenden zweiten Platz erk\u00e4mpften.<\/p>\n<p>Special Olympics Deutschland (SOD) ist die deutsche Organisation der weltweit gr\u00f6\u00dften, vom Internationalen Olympischen Komitee (IOC) offiziell anerkannten Sportbewegung f\u00fcr Menschen mit geistiger und mehrfacher Behinderung. EPOS unterst\u00fctzt das Team G-Judo des MTV Ingolstadt 1881 finanziell, um die Teilnahme an Wettbewerben zu erm\u00f6glichen und die Inklusion zu f\u00f6rdern.<\/p>\n<\/div>\n<\/div>\n<\/div>\n<\/div>\n","protected":false},"excerpt":{"rendered":"<p>Letzte Woche fanden in Hannover die Special Olympics, die Nationalen Spiele f\u00fcr Menschen mit geistiger Behinderung statt. F\u00fcr den MTV Ingolstadt 1881 gingen Sportler aus dem von Trainer Hansj\u00f6rg Bauer &#8230; <\/p>\n<div><a href=\"https:\/\/www.epos-cat.de\/web\/2016\/06\/14\/g-judokas-des-mtv-ingolstadt-bei-special-olympics\/\" class=\"more-link\">Read More<\/a><\/div>\n","protected":false},"author":5,"featured_media":0,"comment_status":"closed","ping_status":"closed","sticky":false,"template":"","format":"standard","meta":{"rs_blank_template":"","rs_page_bg_color":"","slide_template_v7":"","footnotes":""},"categories":[61],"tags":[109],"class_list":["post-2317","post","type-post","status-publish","format-standard","hentry","category-aktuelles","tag-g-judokas","no-post-thumbnail"],"_links":{"self":[{"href":"https:\/\/www.epos-cat.de\/web\/wp-json\/wp\/v2\/posts\/2317","targetHints":{"allow":["GET"]}}],"collection":[{"href":"https:\/\/www.epos-cat.de\/web\/wp-json\/wp\/v2\/posts"}],"about":[{"href":"https:\/\/www.epos-cat.de\/web\/wp-json\/wp\/v2\/types\/post"}],"author":[{"embeddable":true,"href":"https:\/\/www.epos-cat.de\/web\/wp-json\/wp\/v2\/users\/5"}],"replies":[{"embeddable":true,"href":"https:\/\/www.epos-cat.de\/web\/wp-json\/wp\/v2\/comments?post=2317"}],"version-history":[{"count":1,"href":"https:\/\/www.epos-cat.de\/web\/wp-json\/wp\/v2\/posts\/2317\/revisions"}],"predecessor-version":[{"id":2318,"href":"https:\/\/www.epos-cat.de\/web\/wp-json\/wp\/v2\/posts\/2317\/revisions\/2318"}],"wp:attachment":[{"href":"https:\/\/www.epos-cat.de\/web\/wp-json\/wp\/v2\/media?parent=2317"}],"wp:term":[{"taxonomy":"category","embeddable":true,"href":"https:\/\/www.epos-cat.de\/web\/wp-json\/wp\/v2\/categories?post=2317"},{"taxonomy":"post_tag","embeddable":true,"href":"https:\/\/www.epos-cat.de\/web\/wp-json\/wp\/v2\/tags?post=2317"}],"curies":[{"name":"wp","href":"https:\/\/api.w.org\/{rel}","templated":true}]}}