{"id":3044,"date":"2016-11-21T09:43:38","date_gmt":"2016-11-21T08:43:38","guid":{"rendered":"https:\/\/www.epos-cat.de\/web\/?p=3044"},"modified":"2016-11-22T09:44:29","modified_gmt":"2016-11-22T08:44:29","slug":"ehrung-der-g-judokas-durch-oberbuergermeister-loesel","status":"publish","type":"post","link":"https:\/\/www.epos-cat.de\/web\/2016\/11\/21\/ehrung-der-g-judokas-durch-oberbuergermeister-loesel\/","title":{"rendered":"Ehrung der G-Judokas durch Oberb\u00fcrgermeister L\u00f6sel"},"content":{"rendered":"<p>F\u00fcr ihre Teilnahme an den Special Olympics National Games erhielten die G-Judokas des MTV Ingolstadt vergangene Woche eine Ehrung der Stadt Ingolstadt. Oberb\u00fcrgermeister Dr. Christian L\u00f6sel w\u00fcrdigte in seiner Ansprache die besonderen sportlichen Leistungen der Athleten.<\/p>\n<p>Die Special Olympics National Games fanden dieses Jahr in Hannover statt und sind in Deutschland die gr\u00f6\u00dfte Sportveranstaltung f\u00fcr Menschen mit geistiger Behinderung. Insgesamt traten dort 4800 Athletinnen und Athleten in 18 Sportarten an. Allein im Bereich Judo waren 312 Sportler gemeldet, davon acht aus dem Team G-Judo des MTV Ingolstadt, die allesamt hervorragend abgeschnitten haben: zwei davon schafften es sogar auf das Siegertreppchen und erhielten die Silbermedaille (<a href=\"https:\/\/www.epos-cat.de\/web\/2016\/06\/14\/g-judokas-des-mtv-ingolstadt-bei-special-olympics\/\" target=\"_blank\">EPOS berichtete<\/a>).<\/p>\n<p>EPOS unterst\u00fctzt das Team G-Judo des MTV Ingolstadt 1881 seit 2001 finanziell und begl\u00fcckw\u00fcnscht die Athleten zu dieser verdienten Anerkennung ihrer sportlichen Leistung!<\/p>\n<p><a href=\"https:\/\/www.epos-cat.de\/web\/wp-content\/uploads\/2016\/11\/5gbj9v2c.bmp\" data-rel=\"lightbox-image-0\" data-rl_title=\"\" data-rl_caption=\"\" title=\"\"><img loading=\"lazy\" decoding=\"async\" class=\"alignnone size-full wp-image-3045\" src=\"https:\/\/www.epos-cat.de\/web\/wp-content\/uploads\/2016\/11\/5gbj9v2c.bmp\" alt=\"5gbj9v2c\" width=\"1183\" height=\"784\" \/><\/a><\/p>\n","protected":false},"excerpt":{"rendered":"<p>F\u00fcr ihre Teilnahme an den Special Olympics National Games erhielten die G-Judokas des MTV Ingolstadt vergangene Woche eine Ehrung der Stadt Ingolstadt. Oberb\u00fcrgermeister Dr. Christian L\u00f6sel w\u00fcrdigte in seiner Ansprache &#8230; <\/p>\n<div><a href=\"https:\/\/www.epos-cat.de\/web\/2016\/11\/21\/ehrung-der-g-judokas-durch-oberbuergermeister-loesel\/\" class=\"more-link\">Read More<\/a><\/div>\n","protected":false},"author":5,"featured_media":0,"comment_status":"closed","ping_status":"closed","sticky":false,"template":"","format":"standard","meta":{"rs_blank_template":"","rs_page_bg_color":"","slide_template_v7":"","footnotes":""},"categories":[61],"tags":[],"class_list":["post-3044","post","type-post","status-publish","format-standard","hentry","category-aktuelles","no-post-thumbnail"],"_links":{"self":[{"href":"https:\/\/www.epos-cat.de\/web\/wp-json\/wp\/v2\/posts\/3044","targetHints":{"allow":["GET"]}}],"collection":[{"href":"https:\/\/www.epos-cat.de\/web\/wp-json\/wp\/v2\/posts"}],"about":[{"href":"https:\/\/www.epos-cat.de\/web\/wp-json\/wp\/v2\/types\/post"}],"author":[{"embeddable":true,"href":"https:\/\/www.epos-cat.de\/web\/wp-json\/wp\/v2\/users\/5"}],"replies":[{"embeddable":true,"href":"https:\/\/www.epos-cat.de\/web\/wp-json\/wp\/v2\/comments?post=3044"}],"version-history":[{"count":1,"href":"https:\/\/www.epos-cat.de\/web\/wp-json\/wp\/v2\/posts\/3044\/revisions"}],"predecessor-version":[{"id":3047,"href":"https:\/\/www.epos-cat.de\/web\/wp-json\/wp\/v2\/posts\/3044\/revisions\/3047"}],"wp:attachment":[{"href":"https:\/\/www.epos-cat.de\/web\/wp-json\/wp\/v2\/media?parent=3044"}],"wp:term":[{"taxonomy":"category","embeddable":true,"href":"https:\/\/www.epos-cat.de\/web\/wp-json\/wp\/v2\/categories?post=3044"},{"taxonomy":"post_tag","embeddable":true,"href":"https:\/\/www.epos-cat.de\/web\/wp-json\/wp\/v2\/tags?post=3044"}],"curies":[{"name":"wp","href":"https:\/\/api.w.org\/{rel}","templated":true}]}}