{"id":3345,"date":"2017-11-03T11:15:38","date_gmt":"2017-11-03T10:15:38","guid":{"rendered":"https:\/\/www.epos-cat.de\/web\/?p=3345"},"modified":"2018-07-11T10:21:39","modified_gmt":"2018-07-11T08:21:39","slug":"g-judokas-des-mtv-ingolstadt-erfolgreiche-teilnahme-an-den-weltmeisterschaften-in-koeln","status":"publish","type":"post","link":"https:\/\/www.epos-cat.de\/web\/2017\/11\/03\/g-judokas-des-mtv-ingolstadt-erfolgreiche-teilnahme-an-den-weltmeisterschaften-in-koeln\/","title":{"rendered":"G-Judokas des MTV Ingolstadt \u2013 Erfolgreiche Teilnahme an den Weltmeisterschaften in K\u00f6ln"},"content":{"rendered":"<p align=\"left\">Bei den ersten Weltmeisterschaften f\u00fcr geistig behinderte Judokas in K\u00f6ln erreichte MTV-Athlet Kevin Brezina einen hervorragenden f\u00fcnften Platz. Der neunzehnj\u00e4hrige Judoka hatte sich aufgrund seines dritten Platzes bei den Deutschen Meisterschaften 2017 f\u00fcr die Teilnahme an dem Turnier qualifiziert, an dem 13 Nationen mit insgesamt 106 K\u00e4mpfern teilnahmen.<\/p>\n<p align=\"left\">Trainer Hansj\u00f6rg Bauer darf hoch zufrieden mit der Leistung seines Sch\u00fctzlings sein, zumal Kevins Wettkampfklasse (bis 81 Kg) mit besonders starken Teilnehmern \u2013 unter diesen der amtierende Deutsche Meister \u2013 aufwartete.<\/p>\n<p align=\"left\">EPOS gratuliert zu diesem sch\u00f6nen sportlichen Erfolg!<\/p>\n<p align=\"left\">Die EPOS CAT GmbH unterst\u00fctzt die Abteilung G-Judo des MTV 1881 Ingolstadt seit mehreren Jahren finanziell und berichtet regelm\u00e4\u00dfig \u00fcber deren sportliche Aktivit\u00e4ten.<\/p>\n","protected":false},"excerpt":{"rendered":"<p>Bei den ersten Weltmeisterschaften f\u00fcr geistig behinderte Judokas in K\u00f6ln erreichte MTV-Athlet Kevin Brezina einen hervorragenden f\u00fcnften Platz. Der neunzehnj\u00e4hrige Judoka hatte sich aufgrund seines dritten Platzes bei den Deutschen &#8230; <\/p>\n<div><a href=\"https:\/\/www.epos-cat.de\/web\/2017\/11\/03\/g-judokas-des-mtv-ingolstadt-erfolgreiche-teilnahme-an-den-weltmeisterschaften-in-koeln\/\" class=\"more-link\">Read More<\/a><\/div>\n","protected":false},"author":5,"featured_media":0,"comment_status":"closed","ping_status":"closed","sticky":false,"template":"","format":"standard","meta":{"rs_blank_template":"","rs_page_bg_color":"","slide_template_v7":"","footnotes":""},"categories":[61],"tags":[119,109],"class_list":["post-3345","post","type-post","status-publish","format-standard","hentry","category-aktuelles","tag-engagement","tag-g-judokas","no-post-thumbnail"],"_links":{"self":[{"href":"https:\/\/www.epos-cat.de\/web\/wp-json\/wp\/v2\/posts\/3345","targetHints":{"allow":["GET"]}}],"collection":[{"href":"https:\/\/www.epos-cat.de\/web\/wp-json\/wp\/v2\/posts"}],"about":[{"href":"https:\/\/www.epos-cat.de\/web\/wp-json\/wp\/v2\/types\/post"}],"author":[{"embeddable":true,"href":"https:\/\/www.epos-cat.de\/web\/wp-json\/wp\/v2\/users\/5"}],"replies":[{"embeddable":true,"href":"https:\/\/www.epos-cat.de\/web\/wp-json\/wp\/v2\/comments?post=3345"}],"version-history":[{"count":3,"href":"https:\/\/www.epos-cat.de\/web\/wp-json\/wp\/v2\/posts\/3345\/revisions"}],"predecessor-version":[{"id":3348,"href":"https:\/\/www.epos-cat.de\/web\/wp-json\/wp\/v2\/posts\/3345\/revisions\/3348"}],"wp:attachment":[{"href":"https:\/\/www.epos-cat.de\/web\/wp-json\/wp\/v2\/media?parent=3345"}],"wp:term":[{"taxonomy":"category","embeddable":true,"href":"https:\/\/www.epos-cat.de\/web\/wp-json\/wp\/v2\/categories?post=3345"},{"taxonomy":"post_tag","embeddable":true,"href":"https:\/\/www.epos-cat.de\/web\/wp-json\/wp\/v2\/tags?post=3345"}],"curies":[{"name":"wp","href":"https:\/\/api.w.org\/{rel}","templated":true}]}}