{"id":3697,"date":"2018-09-26T15:46:33","date_gmt":"2018-09-26T13:46:33","guid":{"rendered":"https:\/\/www.epos-cat.de\/web\/?p=3697"},"modified":"2018-09-26T15:46:33","modified_gmt":"2018-09-26T13:46:33","slug":"studienbeginn-2018-neue-duale-studierende-der-informatik-bei-epos","status":"publish","type":"post","link":"https:\/\/www.epos-cat.de\/web\/2018\/09\/26\/studienbeginn-2018-neue-duale-studierende-der-informatik-bei-epos\/","title":{"rendered":"Studienbeginn 2018: neue duale Studierende der Informatik bei EPOS"},"content":{"rendered":"<p>Auch in diesem Herbst hei\u00dft es wieder \u201eLeinen los ins Studium\u201c f\u00fcr eine angehende ITlerin. Bereits zwei Wochen vor dem regul\u00e4ren Semesterbeginn ist die neue Dual-Studierende an Bord der EPOS CAT GmbH gegangen, um Betreuer, Team und Unternehmen n\u00e4her kennenzulernen. Ab Oktober studiert sie dann Informatik im Modell vertiefte Praxis an der Technischen Hochschule Ingolstadt (THI).<\/p>\n<p>Schon seit 2011 bietet EPOS im Rahmen des dualen Studiengangs Informatik ambitionierten THI-Studierenden die M\u00f6glichkeit zu intensiven Praxisphasen. 2016 hat das Unternehmen sein Engagement f\u00fcr das Duale Studium nochmals deutlich erh\u00f6ht und um die F\u00e4cher User Experience Design und Wirtschaftsinformatik erweitert.\u00a0 Alle Einstiegsm\u00f6glichkeiten f\u00fcr engagierte Absolventen finden Sie auf unseren <a href=\"https:\/\/www.epos-cat.de\/web\/karriere\/\">Karriereseiten<\/a>.<\/p>\n<p>Zur Semesterer\u00f6ffnung am 1. Oktober ist Kooperationspartner EPOS mit einem Messesstand in der Aula der THI vertreten. Neben Informationen zum Unternehmen werden die Studierenden auf dem Erstsemestertag von EPOS mit n\u00fctzlichen Utensilien f\u00fcr ein erfolgreiches Studienjahr ausgestattet.<\/p>\n<p>Herzlich willkommen an Bord und einen guten Studienbeginn!<\/p>\n<p><a href=\"https:\/\/www.epos-cat.de\/web\/wp-content\/uploads\/2018\/09\/Bild_Meldung_Studienbeginn2018.jpg\" data-rel=\"lightbox-image-0\" data-rl_title=\"\" data-rl_caption=\"\" title=\"\"><img loading=\"lazy\" decoding=\"async\" class=\"alignnone size-full wp-image-3698\" src=\"https:\/\/www.epos-cat.de\/web\/wp-content\/uploads\/2018\/09\/Bild_Meldung_Studienbeginn2018.jpg\" alt=\"\" width=\"1200\" height=\"777\" srcset=\"https:\/\/www.epos-cat.de\/web\/wp-content\/uploads\/2018\/09\/Bild_Meldung_Studienbeginn2018.jpg 1200w, https:\/\/www.epos-cat.de\/web\/wp-content\/uploads\/2018\/09\/Bild_Meldung_Studienbeginn2018-300x194.jpg 300w, https:\/\/www.epos-cat.de\/web\/wp-content\/uploads\/2018\/09\/Bild_Meldung_Studienbeginn2018-768x497.jpg 768w, https:\/\/www.epos-cat.de\/web\/wp-content\/uploads\/2018\/09\/Bild_Meldung_Studienbeginn2018-1024x663.jpg 1024w, https:\/\/www.epos-cat.de\/web\/wp-content\/uploads\/2018\/09\/Bild_Meldung_Studienbeginn2018-100x65.jpg 100w, https:\/\/www.epos-cat.de\/web\/wp-content\/uploads\/2018\/09\/Bild_Meldung_Studienbeginn2018-862x558.jpg 862w\" sizes=\"auto, (max-width: 1200px) 100vw, 1200px\" \/><\/a><\/p>\n","protected":false},"excerpt":{"rendered":"<p>Auch in diesem Herbst hei\u00dft es wieder \u201eLeinen los ins Studium\u201c f\u00fcr eine angehende ITlerin. Bereits zwei Wochen vor dem regul\u00e4ren Semesterbeginn ist die neue Dual-Studierende an Bord der EPOS &#8230; <\/p>\n<div><a href=\"https:\/\/www.epos-cat.de\/web\/2018\/09\/26\/studienbeginn-2018-neue-duale-studierende-der-informatik-bei-epos\/\" class=\"more-link\">Read More<\/a><\/div>\n","protected":false},"author":2,"featured_media":0,"comment_status":"closed","ping_status":"closed","sticky":false,"template":"","format":"standard","meta":{"rs_blank_template":"","rs_page_bg_color":"","slide_template_v7":"","footnotes":""},"categories":[61],"tags":[111,121],"class_list":["post-3697","post","type-post","status-publish","format-standard","hentry","category-aktuelles","tag-nachwuchs","tag-thi","no-post-thumbnail"],"_links":{"self":[{"href":"https:\/\/www.epos-cat.de\/web\/wp-json\/wp\/v2\/posts\/3697","targetHints":{"allow":["GET"]}}],"collection":[{"href":"https:\/\/www.epos-cat.de\/web\/wp-json\/wp\/v2\/posts"}],"about":[{"href":"https:\/\/www.epos-cat.de\/web\/wp-json\/wp\/v2\/types\/post"}],"author":[{"embeddable":true,"href":"https:\/\/www.epos-cat.de\/web\/wp-json\/wp\/v2\/users\/2"}],"replies":[{"embeddable":true,"href":"https:\/\/www.epos-cat.de\/web\/wp-json\/wp\/v2\/comments?post=3697"}],"version-history":[{"count":1,"href":"https:\/\/www.epos-cat.de\/web\/wp-json\/wp\/v2\/posts\/3697\/revisions"}],"predecessor-version":[{"id":3699,"href":"https:\/\/www.epos-cat.de\/web\/wp-json\/wp\/v2\/posts\/3697\/revisions\/3699"}],"wp:attachment":[{"href":"https:\/\/www.epos-cat.de\/web\/wp-json\/wp\/v2\/media?parent=3697"}],"wp:term":[{"taxonomy":"category","embeddable":true,"href":"https:\/\/www.epos-cat.de\/web\/wp-json\/wp\/v2\/categories?post=3697"},{"taxonomy":"post_tag","embeddable":true,"href":"https:\/\/www.epos-cat.de\/web\/wp-json\/wp\/v2\/tags?post=3697"}],"curies":[{"name":"wp","href":"https:\/\/api.w.org\/{rel}","templated":true}]}}