{"id":4571,"date":"2023-10-17T09:00:56","date_gmt":"2023-10-17T07:00:56","guid":{"rendered":"https:\/\/www.epos-cat.de\/web\/?p=4571"},"modified":"2023-10-17T09:28:21","modified_gmt":"2023-10-17T07:28:21","slug":"start-ins-wintersemester-in-ingolstadt-und-nuernberg","status":"publish","type":"post","link":"https:\/\/www.epos-cat.de\/web\/2023\/10\/17\/start-ins-wintersemester-in-ingolstadt-und-nuernberg\/","title":{"rendered":"Start ins Wintersemester in Ingolstadt und N\u00fcrnberg"},"content":{"rendered":"<p>Seit \u00fcber zehn Jahren ist EPOS Kooperationspartner der Technischen Hochschule Ingolstadt (THI) f\u00fcr das duale Studium im Modell vertiefte Praxis. Studierende k\u00f6nnen bei ihrem Bachelor- oder Masterstudium zwischen den F\u00e4chern Informatik, Wirtschaftsinformatik, User Experience Design, Cybersicherheit und K\u00fcnstliche Intelligenz w\u00e4hlen.<\/p>\n<p>Eng zusammen arbeiten Unternehmen und Hochschule auch beim Deutschlandstipendium, der Recruiting-Messe CONTACT oder Sponsoring-Aktionen wie dem Rucksack f\u00fcr Erstsemester. Hier erh\u00e4lt jeder Studienanf\u00e4nger einen Markenrucksack in der Farbe seiner Fakult\u00e4t. Die feierliche \u00dcbergabe ist traditionell Anfang Oktober, wenn der Pr\u00e4sident der THI, Prof. Dr. Walter Schober, die frischgebackenen Studierenden willkommen hei\u00dft. Auch EPOS war zum Erstsemestertag in der Aula mit einem Unternehmensstand dabei und best\u00fcckte die Rucks\u00e4cke mit n\u00fctzlichen Utensilien f\u00fcr das neue Semester.<\/p>\n<p>Zum Wintersemester startet auch die neue Kooperationspartnerschaft mit der Technischen Hochschule N\u00fcrnberg Georg Simon Ohm &#8211; kurz TH N\u00fcrnberg. Jetzt k\u00f6nnen angehende Dualstudierende f\u00fcr Informatik und Wirtschaftsinformatik den theoretischen Teil ihres Studiums in N\u00fcrnberg absolvieren, w\u00e4hrend die Praxisphasen am Unternehmensstandort Ingolstadt stattfinden. Die Zusammenarbeit mit weiteren bayerischen Hochschulen wird gerade vorbereitet.<\/p>\n<p>Alle Ausbildungs- und Studienm\u00f6glichkeiten bei EPOS finden angehende ITler auf unseren Karriereseiten unter <a href=\"https:\/\/www.epos-cat.de\/web\/karriere\/#Absolventen\">https:\/\/www.epos-cat.de\/web\/karriere\/#Absolventen<\/a><\/p>\n<p><a href=\"https:\/\/www.epos-cat.de\/web\/wp-content\/uploads\/2023\/10\/Erstsemestertag_2023_1-scaled.jpg\" data-rel=\"lightbox-image-0\" data-rl_title=\"\" data-rl_caption=\"\" title=\"\"><img loading=\"lazy\" decoding=\"async\" src=\"https:\/\/www.epos-cat.de\/web\/wp-content\/uploads\/2023\/10\/Erstsemestertag_2023_1-1024x576.jpg\" alt=\"\" width=\"742\" height=\"417\" class=\"aligncenter size-large wp-image-4572\" srcset=\"https:\/\/www.epos-cat.de\/web\/wp-content\/uploads\/2023\/10\/Erstsemestertag_2023_1-1024x576.jpg 1024w, https:\/\/www.epos-cat.de\/web\/wp-content\/uploads\/2023\/10\/Erstsemestertag_2023_1-300x169.jpg 300w, https:\/\/www.epos-cat.de\/web\/wp-content\/uploads\/2023\/10\/Erstsemestertag_2023_1-768x432.jpg 768w, https:\/\/www.epos-cat.de\/web\/wp-content\/uploads\/2023\/10\/Erstsemestertag_2023_1-1536x864.jpg 1536w, https:\/\/www.epos-cat.de\/web\/wp-content\/uploads\/2023\/10\/Erstsemestertag_2023_1-2048x1152.jpg 2048w, https:\/\/www.epos-cat.de\/web\/wp-content\/uploads\/2023\/10\/Erstsemestertag_2023_1-100x56.jpg 100w, https:\/\/www.epos-cat.de\/web\/wp-content\/uploads\/2023\/10\/Erstsemestertag_2023_1-862x485.jpg 862w, https:\/\/www.epos-cat.de\/web\/wp-content\/uploads\/2023\/10\/Erstsemestertag_2023_1-1200x675.jpg 1200w\" sizes=\"auto, (max-width: 742px) 100vw, 742px\" \/><\/a> <em>EPOS Unternehmensstand mit Jobwall in der Aula der TH Ingolstadt bei der Semesterer\u00f6ffnung 2023<\/em><\/p>\n","protected":false},"excerpt":{"rendered":"<p>Seit \u00fcber zehn Jahren ist EPOS Kooperationspartner der Technischen Hochschule Ingolstadt (THI) f\u00fcr das duale Studium im Modell vertiefte Praxis. Studierende k\u00f6nnen bei ihrem Bachelor- oder Masterstudium zwischen den F\u00e4chern &#8230; <\/p>\n<div><a href=\"https:\/\/www.epos-cat.de\/web\/2023\/10\/17\/start-ins-wintersemester-in-ingolstadt-und-nuernberg\/\" class=\"more-link\">Read More<\/a><\/div>\n","protected":false},"author":2,"featured_media":0,"comment_status":"closed","ping_status":"closed","sticky":false,"template":"","format":"standard","meta":{"rs_blank_template":"","rs_page_bg_color":"","slide_template_v7":"","footnotes":""},"categories":[61],"tags":[111,121],"class_list":["post-4571","post","type-post","status-publish","format-standard","hentry","category-aktuelles","tag-nachwuchs","tag-thi","no-post-thumbnail"],"_links":{"self":[{"href":"https:\/\/www.epos-cat.de\/web\/wp-json\/wp\/v2\/posts\/4571","targetHints":{"allow":["GET"]}}],"collection":[{"href":"https:\/\/www.epos-cat.de\/web\/wp-json\/wp\/v2\/posts"}],"about":[{"href":"https:\/\/www.epos-cat.de\/web\/wp-json\/wp\/v2\/types\/post"}],"author":[{"embeddable":true,"href":"https:\/\/www.epos-cat.de\/web\/wp-json\/wp\/v2\/users\/2"}],"replies":[{"embeddable":true,"href":"https:\/\/www.epos-cat.de\/web\/wp-json\/wp\/v2\/comments?post=4571"}],"version-history":[{"count":4,"href":"https:\/\/www.epos-cat.de\/web\/wp-json\/wp\/v2\/posts\/4571\/revisions"}],"predecessor-version":[{"id":4577,"href":"https:\/\/www.epos-cat.de\/web\/wp-json\/wp\/v2\/posts\/4571\/revisions\/4577"}],"wp:attachment":[{"href":"https:\/\/www.epos-cat.de\/web\/wp-json\/wp\/v2\/media?parent=4571"}],"wp:term":[{"taxonomy":"category","embeddable":true,"href":"https:\/\/www.epos-cat.de\/web\/wp-json\/wp\/v2\/categories?post=4571"},{"taxonomy":"post_tag","embeddable":true,"href":"https:\/\/www.epos-cat.de\/web\/wp-json\/wp\/v2\/tags?post=4571"}],"curies":[{"name":"wp","href":"https:\/\/api.w.org\/{rel}","templated":true}]}}