{"id":4748,"date":"2025-04-17T12:09:04","date_gmt":"2025-04-17T10:09:04","guid":{"rendered":"https:\/\/www.epos-cat.de\/web\/?p=4748"},"modified":"2025-04-16T11:11:15","modified_gmt":"2025-04-16T09:11:15","slug":"gut-besucht-epos-auf-der-contact-2025","status":"publish","type":"post","link":"https:\/\/www.epos-cat.de\/web\/2025\/04\/17\/gut-besucht-epos-auf-der-contact-2025\/","title":{"rendered":"Gut besucht: EPOS auf der CONTACT 2025"},"content":{"rendered":"<p>Drei Tage dauerte dieses Jahr die Karrieremesse CONTACT der Technischen Hochschule Ingolstadt, kurz THI. EPOS war am Er\u00f6ffnungstag mit einem Messestand in der Aula vor Ort und tauschte sich mit den Besuchern \u00fcber Praktika, Studium oder Software-Entwicklung beim IT-Unternehmen aus.<\/p>\n<p>Unterst\u00fctzt wurde das mehrk\u00f6pfige Standteam von einer animierten Unternehmenspr\u00e4sentation, die parallel \u00fcber die Karriere- und Einstiegsm\u00f6glichkeiten sowie die zahlreichen Mitarbeiter-Benefits informierte. Damit \u00fcberbr\u00fcckten manche Studierende die kurzen Wartezeiten, bis sie ihre spezifischen Fragen zum Bewerbungsprozess oder die im Lego Mindstorm-Roboter verbaute Technologie mit dem EPOS Team diskutieren konnten. Denn der Ansturm beim IT-Unternehmen war auch dieses Jahr wieder so gro\u00df, dass sich immer wieder Gr\u00fcppchen von Interessierten stauten.<\/p>\n<p>F\u00fcnf Stunden lang beantwortete das Standteam aus Software-Ingenieuren, Dualstudierenden und Kommunikation Fragen, verteilte Give-aways und verdrehte den Zauberw\u00fcrfel \u2013 bis dieser zum ersten Mal in seiner langen Messekarriere streikte. Aber selbst das konnte der guten Stimmung am EPOS Stand nichts anhaben und die positive Bilanz nach einem bunten Messetag schm\u00e4lern.<\/p>\n<p><a href=\"https:\/\/www.epos-cat.de\/web\/wp-content\/uploads\/2025\/04\/EPOS_Messestand_CONTACT_2025-scaled.jpg\" data-rel=\"lightbox-image-0\" data-rl_title=\"\" data-rl_caption=\"\" title=\"\"><img loading=\"lazy\" decoding=\"async\" class=\"aligncenter size-full wp-image-4749\" src=\"https:\/\/www.epos-cat.de\/web\/wp-content\/uploads\/2025\/04\/EPOS_Messestand_CONTACT_2025-scaled.jpg\" alt=\"\" width=\"1992\" height=\"2560\" srcset=\"https:\/\/www.epos-cat.de\/web\/wp-content\/uploads\/2025\/04\/EPOS_Messestand_CONTACT_2025-scaled.jpg 1992w, https:\/\/www.epos-cat.de\/web\/wp-content\/uploads\/2025\/04\/EPOS_Messestand_CONTACT_2025-233x300.jpg 233w, https:\/\/www.epos-cat.de\/web\/wp-content\/uploads\/2025\/04\/EPOS_Messestand_CONTACT_2025-797x1024.jpg 797w, https:\/\/www.epos-cat.de\/web\/wp-content\/uploads\/2025\/04\/EPOS_Messestand_CONTACT_2025-768x987.jpg 768w, https:\/\/www.epos-cat.de\/web\/wp-content\/uploads\/2025\/04\/EPOS_Messestand_CONTACT_2025-1195x1536.jpg 1195w, https:\/\/www.epos-cat.de\/web\/wp-content\/uploads\/2025\/04\/EPOS_Messestand_CONTACT_2025-1593x2048.jpg 1593w, https:\/\/www.epos-cat.de\/web\/wp-content\/uploads\/2025\/04\/EPOS_Messestand_CONTACT_2025-100x129.jpg 100w, https:\/\/www.epos-cat.de\/web\/wp-content\/uploads\/2025\/04\/EPOS_Messestand_CONTACT_2025-862x1108.jpg 862w, https:\/\/www.epos-cat.de\/web\/wp-content\/uploads\/2025\/04\/EPOS_Messestand_CONTACT_2025-1200x1542.jpg 1200w\" sizes=\"auto, (max-width: 1992px) 100vw, 1992px\" \/><\/a>EPOS Messestand auf der CONTACT 2025<\/p>\n","protected":false},"excerpt":{"rendered":"<p>Drei Tage dauerte dieses Jahr die Karrieremesse CONTACT der Technischen Hochschule Ingolstadt, kurz THI. EPOS war am Er\u00f6ffnungstag mit einem Messestand in der Aula vor Ort und tauschte sich mit &#8230; <\/p>\n<div><a href=\"https:\/\/www.epos-cat.de\/web\/2025\/04\/17\/gut-besucht-epos-auf-der-contact-2025\/\" class=\"more-link\">Read More<\/a><\/div>\n","protected":false},"author":2,"featured_media":0,"comment_status":"closed","ping_status":"closed","sticky":false,"template":"","format":"standard","meta":{"rs_blank_template":"","rs_page_bg_color":"","slide_template_v7":"","footnotes":""},"categories":[61],"tags":[111,121],"class_list":["post-4748","post","type-post","status-publish","format-standard","hentry","category-aktuelles","tag-nachwuchs","tag-thi","no-post-thumbnail"],"_links":{"self":[{"href":"https:\/\/www.epos-cat.de\/web\/wp-json\/wp\/v2\/posts\/4748","targetHints":{"allow":["GET"]}}],"collection":[{"href":"https:\/\/www.epos-cat.de\/web\/wp-json\/wp\/v2\/posts"}],"about":[{"href":"https:\/\/www.epos-cat.de\/web\/wp-json\/wp\/v2\/types\/post"}],"author":[{"embeddable":true,"href":"https:\/\/www.epos-cat.de\/web\/wp-json\/wp\/v2\/users\/2"}],"replies":[{"embeddable":true,"href":"https:\/\/www.epos-cat.de\/web\/wp-json\/wp\/v2\/comments?post=4748"}],"version-history":[{"count":1,"href":"https:\/\/www.epos-cat.de\/web\/wp-json\/wp\/v2\/posts\/4748\/revisions"}],"predecessor-version":[{"id":4750,"href":"https:\/\/www.epos-cat.de\/web\/wp-json\/wp\/v2\/posts\/4748\/revisions\/4750"}],"wp:attachment":[{"href":"https:\/\/www.epos-cat.de\/web\/wp-json\/wp\/v2\/media?parent=4748"}],"wp:term":[{"taxonomy":"category","embeddable":true,"href":"https:\/\/www.epos-cat.de\/web\/wp-json\/wp\/v2\/categories?post=4748"},{"taxonomy":"post_tag","embeddable":true,"href":"https:\/\/www.epos-cat.de\/web\/wp-json\/wp\/v2\/tags?post=4748"}],"curies":[{"name":"wp","href":"https:\/\/api.w.org\/{rel}","templated":true}]}}