{"id":4882,"date":"2026-02-26T11:27:30","date_gmt":"2026-02-26T10:27:30","guid":{"rendered":"https:\/\/www.epos-cat.de\/web\/?p=4882"},"modified":"2026-02-25T11:33:05","modified_gmt":"2026-02-25T10:33:05","slug":"epos-sponsert-hitzi-hallencup-2026","status":"publish","type":"post","link":"https:\/\/www.epos-cat.de\/web\/2026\/02\/26\/epos-sponsert-hitzi-hallencup-2026\/","title":{"rendered":"EPOS sponsert Hitzi-Hallencup 2026"},"content":{"rendered":"\n<p>Auch im Winter kickt die Jugend vom FC Hitzhofen-Oberzell e.V. hochmotiviert getreu dem Vereinsmotto \u201eJung und woid\u201c. Das witterungsunabh\u00e4ngige Hallentraining bereitet optimal auf die Outdoor-Saison vor und bietet beste M\u00f6glichkeiten zur Weiterentwicklung. Auf engem Raum f\u00f6rdert es die Technik, verbessert das Passspiel und erh\u00f6ht durch schnelle Wechsel das Spieltempo sowie die Reaktionsf\u00e4higkeit der Spieler.<\/p>\n\n\n\n<p>All das konnten die M\u00e4dchen und Jungen vom FC Hitzhofen-Oberzell beim Hitzi-Hallencup Ende Januar unter Beweis stellen. Zum wiederholten Mal fand dieser in der Sporthalle Hitzenhofen statt und sorgte f\u00fcr jede Menge Spa\u00df bei den rund 1000 Teilnehmenden aus der Region. An zwei Wochenenden spielten dort fu\u00dfballbegeisterte Kids im Alter von 6 bis 18 Jahren in 14 Turnieren um den Cup-Sieg.<\/p>\n\n\n\n<p>Nachdem EPOS bereits letzten Sommer den Hitzi-Cup als Goldsponsor unterst\u00fctzte, war die F\u00f6rderung des Hallencups zuletzt nat\u00fcrlich Ehrensache. Das umfangreiche Jugendkonzept des Vereins aus Talentef\u00f6rderung, Wertevermittlung, Begeisterung und Verbundenheit \u00fcberzeugt nicht nur mehr als 160 Kinder und Jugendliche, sondern auch das IT-Unternehmen aus Ingolstadt.<\/p>\n\n\n\n<figure class=\"wp-block-image size-large\"><a href=\"https:\/\/www.epos-cat.de\/web\/wp-content\/uploads\/2026\/02\/News_Sponsoring_Hitzi_Hallencup_02_2026-scaled.jpeg\" data-rel=\"lightbox-image-0\" data-rl_title=\"\" data-rl_caption=\"\" title=\"\"><img loading=\"lazy\" decoding=\"async\" width=\"1024\" height=\"768\" src=\"https:\/\/www.epos-cat.de\/web\/wp-content\/uploads\/2026\/02\/News_Sponsoring_Hitzi_Hallencup_02_2026-1024x768.jpeg\" alt=\"\" class=\"wp-image-4883\" srcset=\"https:\/\/www.epos-cat.de\/web\/wp-content\/uploads\/2026\/02\/News_Sponsoring_Hitzi_Hallencup_02_2026-1024x768.jpeg 1024w, https:\/\/www.epos-cat.de\/web\/wp-content\/uploads\/2026\/02\/News_Sponsoring_Hitzi_Hallencup_02_2026-300x225.jpeg 300w, https:\/\/www.epos-cat.de\/web\/wp-content\/uploads\/2026\/02\/News_Sponsoring_Hitzi_Hallencup_02_2026-768x576.jpeg 768w, https:\/\/www.epos-cat.de\/web\/wp-content\/uploads\/2026\/02\/News_Sponsoring_Hitzi_Hallencup_02_2026-1536x1152.jpeg 1536w, https:\/\/www.epos-cat.de\/web\/wp-content\/uploads\/2026\/02\/News_Sponsoring_Hitzi_Hallencup_02_2026-2048x1536.jpeg 2048w, https:\/\/www.epos-cat.de\/web\/wp-content\/uploads\/2026\/02\/News_Sponsoring_Hitzi_Hallencup_02_2026-100x75.jpeg 100w, https:\/\/www.epos-cat.de\/web\/wp-content\/uploads\/2026\/02\/News_Sponsoring_Hitzi_Hallencup_02_2026-862x647.jpeg 862w, https:\/\/www.epos-cat.de\/web\/wp-content\/uploads\/2026\/02\/News_Sponsoring_Hitzi_Hallencup_02_2026-1200x900.jpeg 1200w\" sizes=\"auto, (max-width: 1024px) 100vw, 1024px\" \/><\/a><\/figure>\n\n\n\n<p><em>Gruppe D-M\u00e4dels beim Hitzi-Hallencups 2026. Bildquelle: FC Hitzhofen-Oberzell e.V.<\/em><\/p>\n","protected":false},"excerpt":{"rendered":"<p>Auch im Winter kickt die Jugend vom FC Hitzhofen-Oberzell e.V. hochmotiviert getreu dem Vereinsmotto \u201eJung und woid\u201c. Das witterungsunabh\u00e4ngige Hallentraining bereitet optimal auf die Outdoor-Saison vor und bietet beste M\u00f6glichkeiten &#8230; <\/p>\n<div><a href=\"https:\/\/www.epos-cat.de\/web\/2026\/02\/26\/epos-sponsert-hitzi-hallencup-2026\/\" class=\"more-link\">Read More<\/a><\/div>\n","protected":false},"author":2,"featured_media":0,"comment_status":"closed","ping_status":"closed","sticky":false,"template":"","format":"standard","meta":{"rs_blank_template":"","rs_page_bg_color":"","slide_template_v7":"","footnotes":""},"categories":[61],"tags":[119,111],"class_list":["post-4882","post","type-post","status-publish","format-standard","hentry","category-aktuelles","tag-engagement","tag-nachwuchs","no-post-thumbnail"],"_links":{"self":[{"href":"https:\/\/www.epos-cat.de\/web\/wp-json\/wp\/v2\/posts\/4882","targetHints":{"allow":["GET"]}}],"collection":[{"href":"https:\/\/www.epos-cat.de\/web\/wp-json\/wp\/v2\/posts"}],"about":[{"href":"https:\/\/www.epos-cat.de\/web\/wp-json\/wp\/v2\/types\/post"}],"author":[{"embeddable":true,"href":"https:\/\/www.epos-cat.de\/web\/wp-json\/wp\/v2\/users\/2"}],"replies":[{"embeddable":true,"href":"https:\/\/www.epos-cat.de\/web\/wp-json\/wp\/v2\/comments?post=4882"}],"version-history":[{"count":2,"href":"https:\/\/www.epos-cat.de\/web\/wp-json\/wp\/v2\/posts\/4882\/revisions"}],"predecessor-version":[{"id":4886,"href":"https:\/\/www.epos-cat.de\/web\/wp-json\/wp\/v2\/posts\/4882\/revisions\/4886"}],"wp:attachment":[{"href":"https:\/\/www.epos-cat.de\/web\/wp-json\/wp\/v2\/media?parent=4882"}],"wp:term":[{"taxonomy":"category","embeddable":true,"href":"https:\/\/www.epos-cat.de\/web\/wp-json\/wp\/v2\/categories?post=4882"},{"taxonomy":"post_tag","embeddable":true,"href":"https:\/\/www.epos-cat.de\/web\/wp-json\/wp\/v2\/tags?post=4882"}],"curies":[{"name":"wp","href":"https:\/\/api.w.org\/{rel}","templated":true}]}}